{"id":99,"date":"2023-07-04T06:27:07","date_gmt":"2023-07-04T03:27:07","guid":{"rendered":"https:\/\/habertrakyatv.com\/?p=99"},"modified":"2023-07-04T07:33:24","modified_gmt":"2023-07-04T04:33:24","slug":"kirkpinar-bizim-olimpiyatimiz-trakya-gazetesi","status":"publish","type":"post","link":"https:\/\/habertrakyatv.com\/?p=99","title":{"rendered":"&#8220;K\u0131rkp\u0131nar bizim olimpiyat\u0131m\u0131z&#8221; &#8211; Trakya Gazetesi"},"content":{"rendered":"<p><\/p>\n<div data-text-id=\"992\" property=\"articleBody\">\n<p>Tarihi K\u0131rkp\u0131nar ba\u015fpehlivanlar\u0131ndan \u0130smail Balaban, AA muhabirine 662. Tarihi <a href=\"https:\/\/www.trakyagazetesi.com.tr\/haberleri\/kirkpinar-yagli-guresleri\" class=\"internal_link\" target=\"_blank\" title=\"K\u0131rkp\u0131nar Ya\u011fl\u0131 G\u00fcre\u015fleri\" rel=\"noopener\">K\u0131rkp\u0131nar Ya\u011fl\u0131 G\u00fcre\u015fleri<\/a>&#8216;ne \u00e7ok iyi haz\u0131rland\u0131\u011f\u0131n\u0131 s\u00f6yledi.<\/p>\n<p>K\u0131rkp\u0131nar \u00f6ncesi d\u00fczenlenen bir\u00e7ok organizasyona kat\u0131larak rakiplerini denemek ve k\u00fcrs\u00fcde yer almak i\u00e7in m\u00fccadele etti\u011fini anlatan Balaban, &#8220;Bir\u00e7ok organizasyonda \u00f6nemli ba\u015far\u0131lar elde ettik. Rakiplerime \u00f6nemli \u00fcst\u00fcnl\u00fck sa\u011flad\u0131m. Bu \u015fekilde de K\u0131rkp\u0131nar&#8217;a haz\u0131rl\u0131klar\u0131m\u0131z devam ediyor. Antrenmanlar\u0131m\u0131z ekip arkada\u015flar\u0131m\u0131zla s\u00fcr\u00fcyor.&#8221; dedi.<\/p>\n<p>K\u0131rkp\u0131nar&#8217;\u0131n ayr\u0131 bir manevi de\u011ferinin oldu\u011funu vurgulayan Balaban, her g\u00fcre\u015f\u00e7inin hayalinin K\u0131rkp\u0131nar&#8217;da k\u00fcrs\u00fcye \u00e7\u0131kmak oldu\u011funu kaydetti.<\/p>\n<p>&#8211; &#8220;Hedef alt\u0131n kemer&#8221;<\/p>\n<p>Bu y\u0131lda K\u0131rkp\u0131nar&#8217;da hedefinin alt\u0131n kemeri ku\u015fanmak oldu\u011funu anlatan Balaban, \u015f\u00f6yle devam etti:<\/p>\n<p>&#8220;K\u0131rkp\u0131nar tabii ki ya\u011fl\u0131 g\u00fcre\u015fin olimpiyat\u0131. T\u00fcrkiye ba\u015fpehlivan\u0131n\u0131n belirlendi\u011fi yer, isminin marka oldu\u011fu yer. Alt kategorilerden bir \u00fcst kategoriye ge\u00e7mek i\u00e7in basama\u011f\u0131n oldu\u011fu yer. Dolay\u0131s\u0131yla oray\u0131 \u00f6nemli k\u0131l\u0131yor. Hepimiz i\u00e7in \u00f6nemli. Her g\u00fcre\u015f\u00e7inin hayali <a href=\"https:\/\/www.trakyagazetesi.com.tr\/haberleri\/edirne\" class=\"internal_link\" target=\"_blank\" title=\"Edirne\" rel=\"noopener\">Edirne<\/a> K\u0131rkp\u0131nar&#8217;da k\u00fcrs\u00fcye \u00e7\u0131kmakt\u0131r. Alt boylardan itibaren ve ba\u015fpehlivan olmak ve alt\u0131n kemer ku\u015fanmakt\u0131r.<\/p>\n<p>Benimde hep hayalim y\u0131llardan beri alt\u0131n kemeri ku\u015fan\u0131p K\u0131rkp\u0131nar&#8217;da \u015fampiyon olmak. Bu mutlulu\u011fu bu duyguyu da iki kez ya\u015fad\u0131m. Bu y\u0131lda tekrar hedefimiz, parolam\u0131z Allah nasip ederse tekrar \u015fampiyon olup sevenlerimize bu gururu, bu mutlulu\u011fu ya\u015fatmak. Bu hedefler do\u011frultusunda da \u00e7al\u0131\u015fmalara devam ediyoruz.&#8221;<\/p>\n<p>&#8211; &#8220;K\u0131rkp\u0131nar bizim olimpiyat\u0131m\u0131z&#8221;<\/p>\n<p>Tarihi K\u0131rkp\u0131nar Ya\u011fl\u0131 G\u00fcre\u015fleri&#8217;nin 2015 ve 2018 ba\u015fpehlivan\u0131 Orhan Okulu da K\u0131rkp\u0131nar&#8217;\u0131n olimpiyat niteli\u011finde oldu\u011funu de\u011ferlendirdi.<\/p>\n<p>K\u0131rkp\u0131nar&#8217;\u0131n tarihinin \u00e7ok eskilere dayand\u0131\u011f\u0131na dikkat \u00e7eken Okulu, K\u0131rkp\u0131nar Er Meydan\u0131&#8217;nda g\u00fcre\u015fmenin ayr\u0131 bir \u00f6nemi oldu\u011funu kaydetti. Okulu, &#8220;K\u0131rkp\u0131nar bizim olimpiyat\u0131m\u0131z. K\u0131rkp\u0131nar bizim i\u00e7in \u00e7ok \u015fey anlam ifade ediyor.&#8221; dedi.<\/p>\n<p>K\u0131rkp\u0131nar&#8217;dan \u00f6nce d\u00fczenlenen organizasyonlara kat\u0131larak son provalar\u0131 yapt\u0131klar\u0131n\u0131 belirten, Okulu, &#8220;\u00c7ok iyi haz\u0131rland\u0131m bu y\u0131l. Allah bir sakatl\u0131k vermedi\u011fi s\u00fcrece elimden geleni yap\u0131p bu y\u0131l K\u0131rkp\u0131nar&#8217;da alt\u0131n kemere aday\u0131m.&#8221; ifadelerini kulland\u0131.<\/p>\n<p>&#8211; &#8220;K\u0131rkp\u0131nar er meydan\u0131 kendimizi buldu\u011fumuz yer&#8221;<\/p>\n<p>Tarihi K\u0131rkp\u0131nar Ya\u011fl\u0131 G\u00fcre\u015fleri&#8217;nin 2009 ve 2010 ba\u015fpehlivan\u0131 Mehmet Ye\u015filye\u015fil de K\u0131rkp\u0131nar&#8217;a g\u00fczel bir \u015fekilde haz\u0131rland\u0131\u011f\u0131n\u0131 dile getirdi.<\/p>\n<p>K\u0131rkp\u0131nar&#8217;da g\u00fcre\u015fmek i\u00e7in heyecanl\u0131 oldu\u011funu anlatan Ye\u015filye\u015fil, son haz\u0131rl\u0131klar\u0131 yapt\u0131\u011f\u0131n\u0131 kaydetti.<\/p>\n<p>K\u0131rkp\u0131nar&#8217;\u0131n ayr\u0131 bir atmosfere sahip oldu\u011funu bildiren Ye\u015filye\u015fil, &#8220;K\u0131rkp\u0131nar er meydan\u0131 kendimizi buldu\u011fumuz yer.&#8221; dedi.<\/p>\n<p>&#8211; &#8220;K\u0131rkp\u0131nar \u00e7ok \u00f6nemli&#8221;<\/p>\n<div class=\"post-flash\">\n        <!--\n\n<h3 class=\"post-flash__title\">G&ouml;zden ka&ccedil;&#305;rmay&#305;n<\/h3>\n\n--><br \/>\n                <a href=\"https:\/\/www.trakyagazetesi.com.tr\/meric-nehrindeki-parkur-incelendi\" class=\"post-flash__content\" target=\"_self\" title=\"Meri\u00e7 Nehri'ndeki parkur incelendi\" style=\"background-color: #1C38A6\" rel=\"noopener\"><br \/>\n            <img loading=\"lazy\" decoding=\"async\" src=\"https:\/\/trakyagazetesicomtr.teimg.com\/crop\/250x150\/trakyagazetesi-com-tr\/uploads\/2023\/06\/haber-foto\/trakyagazetesi-meric-nehrindeki-parkur-incelendi.jpg\" alt=\"Meri\u00e7 Nehri'ndeki parkur incelendi\" width=\"231\" height=\"140\" class=\"content-paragraph-image\"\/><br \/>\n            <span class=\"post-flash__heading\"><br \/>\n                <span class=\"post-flash__h4\">Meri\u00e7 Nehri&#8217;ndeki parkur incelendi<\/span><br \/>\n            <\/span><br \/>\n        <\/a>\n            <\/div>\n<p>K\u0131rkp\u0131nar&#8217;\u0131n alt\u0131n kemerli ba\u015fpehlivanlar\u0131ndan Recep Kara ise K\u0131rkp\u0131nar&#8217;\u0131n her g\u00fcre\u015f\u00e7i i\u00e7in \u00f6nemli oldu\u011funu s\u00f6yledi.<\/p>\n<p>K\u0131rkp\u0131nar Er Meydan\u0131&#8217;n\u0131n yi\u011fitli\u011fin, mertli\u011fin, tevazuun, al\u00e7ak g\u00f6n\u00fcll\u00fcl\u00fc\u011f\u00fcn, cesaretin, g\u00fcc\u00fcn, kuvvetin hepsinin bir arada ya\u015fat\u0131ld\u0131\u011f\u0131 bir meydan oldu\u011funu vurgulayan Kara, \u015funlar\u0131 kaydetti:<\/p>\n<p>&#8220;O y\u00fczden T\u00fcrklerde g\u00fcre\u015f gazaya haz\u0131rl\u0131k i\u00e7in yap\u0131l\u0131rd\u0131. Ge\u00e7mi\u015fte bu \u015fekildeydi. Bizde ge\u00e7mi\u015fteki ustalar\u0131m\u0131z, b\u00fcy\u00fcklerimiz ve \u00f6nderlerimizin yolunda gidiyoruz. Sadece g\u00fcre\u015f er meydan\u0131na \u00e7\u0131k\u0131p g\u00fcre\u015fmek de\u011fil. Bunun maneviyat\u0131 da var.<\/p>\n<p>\u00c7ekmi\u015f oldu\u011fun pe\u015frevden giymi\u015f oldu\u011fun kispetten, yapm\u0131\u015f oldu\u011fun g\u00fcre\u015ften bunlar\u0131n\u0131n hepsinin bir manas\u0131 var. K\u0131rkp\u0131nar \u00e7ok \u00f6nemli. Bizi biz yapan geleneklerdir, k\u00fclt\u00fcrd\u00fcr, k\u00fclt\u00fcr miras\u0131d\u0131r. Bug\u00fcnk\u00fc temsilcileri de biziz.&#8221;<\/p>\n<p>Kaynak: Anadolu Ajans\u0131<\/p>\n<\/p><\/div>\n","protected":false},"excerpt":{"rendered":"<p>Tarihi K\u0131rkp\u0131nar ba\u015fpehlivanlar\u0131ndan \u0130smail Balaban, AA muhabirine 662. Tarihi K\u0131rkp\u0131nar Ya\u011fl\u0131 G\u00fcre\u015fleri&#8216;ne \u00e7ok iyi haz\u0131rland\u0131\u011f\u0131n\u0131<\/p>\n","protected":false},"author":1,"featured_media":100,"comment_status":"open","ping_status":"open","sticky":false,"template":"","format":"standard","meta":{"footnotes":""},"categories":[3,7,2],"tags":[],"class_list":["post-99","post","type-post","status-publish","format-standard","has-post-thumbnail","hentry","category-ana-sayfa","category-gundem","category-spor"],"_links":{"self":[{"href":"https:\/\/habertrakyatv.com\/index.php?rest_route=\/wp\/v2\/posts\/99","targetHints":{"allow":["GET"]}}],"collection":[{"href":"https:\/\/habertrakyatv.com\/index.php?rest_route=\/wp\/v2\/posts"}],"about":[{"href":"https:\/\/habertrakyatv.com\/index.php?rest_route=\/wp\/v2\/types\/post"}],"author":[{"embeddable":true,"href":"https:\/\/habertrakyatv.com\/index.php?rest_route=\/wp\/v2\/users\/1"}],"replies":[{"embeddable":true,"href":"https:\/\/habertrakyatv.com\/index.php?rest_route=%2Fwp%2Fv2%2Fcomments&post=99"}],"version-history":[{"count":1,"href":"https:\/\/habertrakyatv.com\/index.php?rest_route=\/wp\/v2\/posts\/99\/revisions"}],"predecessor-version":[{"id":228,"href":"https:\/\/habertrakyatv.com\/index.php?rest_route=\/wp\/v2\/posts\/99\/revisions\/228"}],"wp:featuredmedia":[{"embeddable":true,"href":"https:\/\/habertrakyatv.com\/index.php?rest_route=\/wp\/v2\/media\/100"}],"wp:attachment":[{"href":"https:\/\/habertrakyatv.com\/index.php?rest_route=%2Fwp%2Fv2%2Fmedia&parent=99"}],"wp:term":[{"taxonomy":"category","embeddable":true,"href":"https:\/\/habertrakyatv.com\/index.php?rest_route=%2Fwp%2Fv2%2Fcategories&post=99"},{"taxonomy":"post_tag","embeddable":true,"href":"https:\/\/habertrakyatv.com\/index.php?rest_route=%2Fwp%2Fv2%2Ftags&post=99"}],"curies":[{"name":"wp","href":"https:\/\/api.w.org\/{rel}","templated":true}]}}