{"id":93,"date":"2023-07-04T06:27:01","date_gmt":"2023-07-04T03:27:01","guid":{"rendered":"https:\/\/habertrakyatv.com\/?p=93"},"modified":"2023-07-04T07:22:43","modified_gmt":"2023-07-04T04:22:43","slug":"tekirdagda-osmanli-cilegi-uretildi-trakya-gazetesi","status":"publish","type":"post","link":"https:\/\/habertrakyatv.com\/?p=93","title":{"rendered":"Tekirda\u011f&#8217;da &#8220;Osmanl\u0131 \u00e7ile\u011fi&#8221; \u00fcretildi &#8211; Trakya Gazetesi"},"content":{"rendered":"<p><\/p>\n<div data-text-id=\"995\" property=\"articleBody\">\n<p><a href=\"https:\/\/www.trakyagazetesi.com.tr\/haberleri\/tekirdag\" class=\"internal_link\" target=\"_blank\" title=\"Tekirda\u011f\" rel=\"noopener\">Tekirda\u011f<\/a> Nam\u0131k Kemal \u00dcniversitesi (NK\u00dc) Ziraat Fak\u00fcltesi Tar\u0131msal Biyoteknoloji Ara\u015ft\u0131rma ve \u00dcretim Biriminde (Z\u0130RAATB\u0130YOTEK), tad\u0131, aromas\u0131 ve kokusuyla T\u00fcrkiye&#8217;ye has olan &#8220;<a href=\"https:\/\/www.trakyagazetesi.com.tr\/haberleri\/osmanli-cilegi\" class=\"internal_link\" target=\"_blank\" title=\"Osmanl\u0131 \u00e7ile\u011fi\" rel=\"noopener\">Osmanl\u0131 \u00e7ile\u011fi<\/a>&#8221; \u00fcretildi.<\/p>\n<p>Birim M\u00fcd\u00fcr\u00fc Do\u00e7. Dr. Hayat Top\u00e7u, AA muhabirine, vir\u00fcsten ve bakteriden ari \u015fekilde \u00fcretim yapt\u0131klar\u0131n\u0131 s\u00f6yledi.<\/p>\n<p>B\u00f6lgedeki \u00fcreticilerin, Osmanl\u0131 \u00e7ile\u011fini tan\u0131mas\u0131 amac\u0131yla 1,5 y\u0131l \u00f6nce \u00e7al\u0131\u015fmalara ba\u015flad\u0131klar\u0131n\u0131 belirten Top\u00e7u, &#8220;Osmanl\u0131 \u00e7ile\u011fi, T\u00fcrkiye i\u00e7in \u00f6nemli, \u00e7\u00fcnk\u00fc T\u00fcrkiye&#8217;ye has bir bitki. Meyveleri, ta\u015f\u0131maya dayan\u0131ks\u0131z ancak aromas\u0131 \u00e7ok g\u00fczel ve de\u011ferli. Kokusu bizim i\u00e7in ger\u00e7ekten \u00f6nemli bir bitki.&#8221;dedi.<\/p>\n<p>Top\u00e7u, ba\u015fta Tekirda\u011f olmak \u00fczere Trakya&#8217;da Osmanl\u0131 \u00e7ile\u011finin tan\u0131n\u0131rl\u0131\u011f\u0131n\u0131 ve devaml\u0131l\u0131\u011f\u0131n\u0131 sa\u011flamak ad\u0131na \u00fcretim \u00e7al\u0131\u015fmas\u0131 yapt\u0131klar\u0131n\u0131 vurgulayarak, &#8220;\u00dcretilen \u00e7ileklerimizi seralar\u0131m\u0131za ald\u0131k. Birimimizde yakla\u015f\u0131k 2 bin \u00e7ilek fidemiz mevcut. T\u00fcpl\u00fc \u015fekilde yeti\u015ftirmeye devam ediyoruz. Talep eden \u00fcreticilerimize ula\u015ft\u0131r\u0131yoruz.&#8221;diye konu\u015ftu.<\/p>\n<div class=\"post-flash\">\n        <!--\n\n<h3 class=\"post-flash__title\">G&ouml;zden ka&ccedil;&#305;rmay&#305;n<\/h3>\n\n--><br \/>\n                <a href=\"https:\/\/www.trakyagazetesi.com.tr\/ticaret-bakani-bolat-tekirdagda-bayramlasma-torenine-katildi\" class=\"post-flash__content\" target=\"_self\" title=\"Ticaret Bakan\u0131 Bolat, Tekirda\u011f\u2019da bayramla\u015fma t\u00f6renine kat\u0131ld\u0131\" style=\"background-color: #1C38A6\" rel=\"noopener\"><br \/>\n            <img loading=\"lazy\" decoding=\"async\" src=\"https:\/\/trakyagazetesicomtr.teimg.com\/crop\/250x150\/trakyagazetesi-com-tr\/uploads\/2023\/07\/haber-foto\/trakyagazetesi-ticaret-bakani-bolat-tekirdagda-bayramlasma-torenine-katildi.jpg\" alt=\"Ticaret Bakan\u0131 Bolat, Tekirda\u011f\u2019da bayramla\u015fma t\u00f6renine kat\u0131ld\u0131\" width=\"231\" height=\"140\" class=\"content-paragraph-image\"\/><br \/>\n            <span class=\"post-flash__heading\"><br \/>\n                <span class=\"post-flash__h4\">Ticaret Bakan\u0131 Bolat, Tekirda\u011f\u2019da bayramla\u015fma t\u00f6renine kat\u0131ld\u0131<\/span><br \/>\n            <\/span><br \/>\n        <\/a>\n            <\/div>\n<p>Osmanl\u0131 \u00e7ile\u011finin t\u00fcm \u00f6zellikleriyle di\u011fer \u00e7ileklerden farkl\u0131 oldu\u011funa dikkati \u00e7eken Top\u00e7u, &#8220;Bizim i\u00e7in Osmanl\u0131 \u00e7ile\u011fini de\u011ferli k\u0131lan, tad\u0131 ve aromas\u0131. Ba\u015fka hi\u00e7bir \u00e7ilekte bulunmayan tat, aroma ve kokuya sahip. Bunun i\u00e7in yeni \u00e7e\u015fit geli\u015ftirmek isteyen \u00f6zellikle ara\u015ft\u0131rmac\u0131lar ve melezleme \u0131slah\u0131 yapan \u00fcreticilerimiz, Osmanl\u0131 \u00e7ile\u011fini ana bitki olarak kullan\u0131yor.&#8221; ifadesini kulland\u0131.<\/p>\n<p>Osmanl\u0131 \u00e7ile\u011finin daha fazla \u00fcretilmesi gerekti\u011fine vurgu yapan Top\u00e7u, \u00fcretimi artt\u0131rarak, t\u00fcketicilerin taleplerini rahatl\u0131kla kar\u015f\u0131layabileceklerinin alt\u0131n\u0131 \u00e7izdi.<\/p>\n<p>Kaynak: Anadolu Ajans\u0131<\/p>\n<\/p><\/div>\n","protected":false},"excerpt":{"rendered":"<p>Tekirda\u011f Nam\u0131k Kemal \u00dcniversitesi (NK\u00dc) Ziraat Fak\u00fcltesi Tar\u0131msal Biyoteknoloji Ara\u015ft\u0131rma ve \u00dcretim Biriminde (Z\u0130RAATB\u0130YOTEK), tad\u0131,<\/p>\n","protected":false},"author":1,"featured_media":94,"comment_status":"open","ping_status":"open","sticky":false,"template":"","format":"standard","meta":{"footnotes":""},"categories":[3,7],"tags":[],"class_list":["post-93","post","type-post","status-publish","format-standard","has-post-thumbnail","hentry","category-ana-sayfa","category-gundem"],"_links":{"self":[{"href":"https:\/\/habertrakyatv.com\/index.php?rest_route=\/wp\/v2\/posts\/93","targetHints":{"allow":["GET"]}}],"collection":[{"href":"https:\/\/habertrakyatv.com\/index.php?rest_route=\/wp\/v2\/posts"}],"about":[{"href":"https:\/\/habertrakyatv.com\/index.php?rest_route=\/wp\/v2\/types\/post"}],"author":[{"embeddable":true,"href":"https:\/\/habertrakyatv.com\/index.php?rest_route=\/wp\/v2\/users\/1"}],"replies":[{"embeddable":true,"href":"https:\/\/habertrakyatv.com\/index.php?rest_route=%2Fwp%2Fv2%2Fcomments&post=93"}],"version-history":[{"count":1,"href":"https:\/\/habertrakyatv.com\/index.php?rest_route=\/wp\/v2\/posts\/93\/revisions"}],"predecessor-version":[{"id":231,"href":"https:\/\/habertrakyatv.com\/index.php?rest_route=\/wp\/v2\/posts\/93\/revisions\/231"}],"wp:featuredmedia":[{"embeddable":true,"href":"https:\/\/habertrakyatv.com\/index.php?rest_route=\/wp\/v2\/media\/94"}],"wp:attachment":[{"href":"https:\/\/habertrakyatv.com\/index.php?rest_route=%2Fwp%2Fv2%2Fmedia&parent=93"}],"wp:term":[{"taxonomy":"category","embeddable":true,"href":"https:\/\/habertrakyatv.com\/index.php?rest_route=%2Fwp%2Fv2%2Fcategories&post=93"},{"taxonomy":"post_tag","embeddable":true,"href":"https:\/\/habertrakyatv.com\/index.php?rest_route=%2Fwp%2Fv2%2Ftags&post=93"}],"curies":[{"name":"wp","href":"https:\/\/api.w.org\/{rel}","templated":true}]}}