{"id":75,"date":"2023-07-04T04:09:30","date_gmt":"2023-07-04T01:09:30","guid":{"rendered":"https:\/\/habertrakyatv.com\/?p=75"},"modified":"2023-07-04T07:22:43","modified_gmt":"2023-07-04T04:22:43","slug":"bm-israilin-cenin-saldirisini-kinamaktan-kacindi","status":"publish","type":"post","link":"https:\/\/habertrakyatv.com\/?p=75","title":{"rendered":"BM, \u0130srail&#8217;in Cenin sald\u0131r\u0131s\u0131n\u0131 k\u0131namaktan ka\u00e7\u0131nd\u0131"},"content":{"rendered":"<p><\/p>\n<div>\n<p>BM S\u00f6zc\u00fc Yard\u0131mc\u0131s\u0131 Farhan Haq, g\u00fcnl\u00fck bas\u0131n toplant\u0131s\u0131nda, \u0130srail&#8217;in Cenin bask\u0131n\u0131na ili\u015fkin sorular\u0131 yan\u0131tlad\u0131.<\/p>\n<p>\u0130nsans\u0131z hava ara\u00e7lar\u0131yla (\u0130HA) d\u00fczenlenen sald\u0131r\u0131lar\u0131 BM&#8217;nin k\u0131nay\u0131p k\u0131namayaca\u011f\u0131n\u0131n sorulmas\u0131 \u00fczerine Haq, &#8220;Yo\u011fun n\u00fcfusun bulundu\u011fu b\u00f6lgelere silahl\u0131 sald\u0131r\u0131 d\u00fczenlenmesi kabul edilemez. Bunu bir\u00e7ok kez dile getirdik.&#8221; ifadesini kulland\u0131.<\/p>\n<p>&#8220;T\u00fcm yerle\u015fim b\u00f6lgelerine y\u00f6nelik sald\u0131r\u0131lar\u0131n durmas\u0131n\u0131 istiyoruz.&#8221; diyen Haq, \u0131srarl\u0131 sorulara ra\u011fmen \u0130HA sald\u0131r\u0131lar\u0131n\u0131 k\u0131namaktan ka\u00e7\u0131nd\u0131.<\/p>\n<p>Haq, t\u00fcm taraflar\u0131n uluslararas\u0131 insanc\u0131l hukuka sayg\u0131 g\u00f6stermesi gerekti\u011fine dikkati \u00e7ekerek, &#8220;\u0130srail&#8217;in g\u00fcvenlik operasyonlar\u0131 ger\u00e7ekle\u015ftirme hakk\u0131 bulunuyor ancak bunu sivil kayba neden olmadan ve sivil altyap\u0131lara zarar vermeden ger\u00e7ekle\u015ftirmeli.&#8221; \u015feklinde konu\u015ftu.<\/p>\n<p>Filistin halk\u0131n\u0131n kendini koruma hakk\u0131 bulunup bulunmad\u0131\u011f\u0131n\u0131n sorulmas\u0131 \u00fczerine ise Haq, &#8220;T\u00fcm halklar\u0131n kendini koruma hakk\u0131 bulunuyor. Biz sadece sahada gerginli\u011fin d\u00fc\u015f\u00fcr\u00fclmesini istiyoruz.&#8221; dedi.<\/p>\n<p>Haq, &#8220;\u0130sraillilerin \u00f6lmesini k\u0131nayan BM, Cenin sald\u0131r\u0131s\u0131n\u0131 neden k\u0131nam\u0131yor?&#8221; sorusu \u00fczerine ise ge\u00e7en haftalarda BM Genel Sekreteri Antonio Guterres&#8217;in yapt\u0131\u011f\u0131 yaz\u0131l\u0131 a\u00e7\u0131klamada her t\u00fcrl\u00fc \u015fiddeti k\u0131nad\u0131\u011f\u0131n\u0131 an\u0131msatt\u0131.<\/p>\n<h3>\u00d6zel Koordinat\u00f6r de k\u0131namad\u0131<\/h3>\n<p>BM Orta Do\u011fu Bar\u0131\u015f S\u00fcreci \u00d6zel Koordinat\u00f6r\u00fc Tor Wennesland da sald\u0131r\u0131ya ili\u015fkin yapt\u0131\u011f\u0131 yaz\u0131l\u0131 a\u00e7\u0131klamada, artan gerginli\u011fin \u00e7ok tehlikeli oldu\u011funa i\u015faret etti.<\/p>\n<p>Wennesland, 8 Filistinlinin hayat\u0131n\u0131 kaybetti\u011fini belirterek, &#8220;\u0130srail&#8217;in askeri operasyonu aylard\u0131r artan gerginli\u011fin ard\u0131ndan geliyor ve i\u015fgal alt\u0131ndaki Bat\u0131 \u015eeria&#8217;da durumun ne kadar de\u011fi\u015fken, \u00f6ng\u00f6r\u00fclemez oldu\u011funu bize tekrar hat\u0131rlat\u0131yor. Herkesin sivil halk\u0131 koruma y\u00fck\u00fcml\u00fcl\u00fc\u011f\u00fc var.&#8221; ifadesini kulland\u0131.<\/p>\n<p>T\u00fcm taraflarla ileti\u015fimde oldu\u011funu kaydeden Wennesland, gerginli\u011fin acilen azalt\u0131lmas\u0131 ve Cenin&#8217;e insani yard\u0131m sa\u011flanmas\u0131na olanak tan\u0131nmas\u0131 gerekti\u011fini vurgulad\u0131.<\/p>\n<h3>\u0130srail&#8217;den Cenin&#8217;e sald\u0131r\u0131<\/h3>\n<p>\u0130srail g\u00fc\u00e7lerinin, i\u015fgal alt\u0131ndaki Bat\u0131 \u015eeria&#8217;n\u0131n Cenin \u015fehrine bug\u00fcn d\u00fczenledi\u011fi hava sald\u0131r\u0131s\u0131 ve bask\u0131nda 8 Filistinli hayat\u0131n\u0131 kaybetmi\u015fti. El-Bire kentinde de \u0130srail askerinin a\u00e7t\u0131\u011f\u0131 ate\u015f sonucu 1 Filistinli ba\u015f\u0131ndan vurularak ya\u015fam\u0131n\u0131 yitirmi\u015fti.<\/p>\n<p>                            <span class=\"detay-foto-editor\">&#13;<br \/>\n                                <a href=\"https:\/\/www.aa.com.tr\/tr\/p\/abonelik-talep-formu\/1001\" target=\"_blank\" style=\"font-size:12px; color:#444; text-decoration:none;\" rel=\"noopener\">&#13;<br \/>\n                                    Anadolu Ajans\u0131 web sitesinde, AA Haber Ak\u0131\u015f Sistemi (HAS) \u00fczerinden abonelere sunulan haberler, \u00f6zetlenerek yay\u0131mlanmaktad\u0131r. <b style=\"color:#1897F7\">Abonelik i\u00e7in l\u00fctfen ileti\u015fime ge\u00e7iniz.<\/b>&#13;<br \/>\n                                <\/a>&#13;<br \/>\n                            <\/span>\n                        <\/div>\n<p><script>\n\t  window.fbAsyncInit = function() {\n\t\tFB.init({\n\t\t  appId: '1855843514662870',\n\t\t  status : true, \/\/ check login status\n\t\t  cookie : true, \/\/ enable cookies to allow the server to access the session\n\t\t  xfbml  : true  \/\/ parse XFBML\n\t\t});\n\t  };<\/p>\n<p>\t  (function() {\n\t\tvar e = document.createElement('script');\n\t\te.src=\"https:\/\/connect.facebook.net\/tr_TR\/all.js\";\n\t\te.async = true;\n\t\tdocument.getElementById('fb-root').appendChild(e);\n\t  }());\n    <\/script><\/p>\n","protected":false},"excerpt":{"rendered":"<p>BM S\u00f6zc\u00fc Yard\u0131mc\u0131s\u0131 Farhan Haq, g\u00fcnl\u00fck bas\u0131n toplant\u0131s\u0131nda, \u0130srail&#8217;in Cenin bask\u0131n\u0131na ili\u015fkin sorular\u0131 yan\u0131tlad\u0131. \u0130nsans\u0131z<\/p>\n","protected":false},"author":1,"featured_media":76,"comment_status":"open","ping_status":"open","sticky":false,"template":"","format":"standard","meta":{"footnotes":""},"categories":[3,7],"tags":[],"class_list":["post-75","post","type-post","status-publish","format-standard","has-post-thumbnail","hentry","category-ana-sayfa","category-gundem"],"_links":{"self":[{"href":"https:\/\/habertrakyatv.com\/index.php?rest_route=\/wp\/v2\/posts\/75","targetHints":{"allow":["GET"]}}],"collection":[{"href":"https:\/\/habertrakyatv.com\/index.php?rest_route=\/wp\/v2\/posts"}],"about":[{"href":"https:\/\/habertrakyatv.com\/index.php?rest_route=\/wp\/v2\/types\/post"}],"author":[{"embeddable":true,"href":"https:\/\/habertrakyatv.com\/index.php?rest_route=\/wp\/v2\/users\/1"}],"replies":[{"embeddable":true,"href":"https:\/\/habertrakyatv.com\/index.php?rest_route=%2Fwp%2Fv2%2Fcomments&post=75"}],"version-history":[{"count":1,"href":"https:\/\/habertrakyatv.com\/index.php?rest_route=\/wp\/v2\/posts\/75\/revisions"}],"predecessor-version":[{"id":240,"href":"https:\/\/habertrakyatv.com\/index.php?rest_route=\/wp\/v2\/posts\/75\/revisions\/240"}],"wp:featuredmedia":[{"embeddable":true,"href":"https:\/\/habertrakyatv.com\/index.php?rest_route=\/wp\/v2\/media\/76"}],"wp:attachment":[{"href":"https:\/\/habertrakyatv.com\/index.php?rest_route=%2Fwp%2Fv2%2Fmedia&parent=75"}],"wp:term":[{"taxonomy":"category","embeddable":true,"href":"https:\/\/habertrakyatv.com\/index.php?rest_route=%2Fwp%2Fv2%2Fcategories&post=75"},{"taxonomy":"post_tag","embeddable":true,"href":"https:\/\/habertrakyatv.com\/index.php?rest_route=%2Fwp%2Fv2%2Ftags&post=75"}],"curies":[{"name":"wp","href":"https:\/\/api.w.org\/{rel}","templated":true}]}}