{"id":292,"date":"2023-07-04T07:51:21","date_gmt":"2023-07-04T04:51:21","guid":{"rendered":"https:\/\/habertrakyatv.com\/?p=292"},"modified":"2023-07-04T07:51:21","modified_gmt":"2023-07-04T04:51:21","slug":"ukraynada-ikinci-dunya-savasindan-kalma-savas-ucaklari-bulundu","status":"publish","type":"post","link":"https:\/\/habertrakyatv.com\/?p=292","title":{"rendered":"Ukrayna&#8217;da ikinci d\u00fcnya sava\u015f\u0131ndan kalma sava\u015f u\u00e7aklar\u0131 bulundu"},"content":{"rendered":"<p><\/p>\n<p>Ukrayna&#8217;da \u0130kinci D\u00fcnya Sava\u015f\u0131&#8217;ndan kalma sekiz \u0130ngiliz Hurricane (Kas\u0131rga) sava\u015f u\u00e7a\u011f\u0131n\u0131n kal\u0131nt\u0131lar\u0131 Kiev&#8217;in g\u00fcneyinde bulundu<\/p>\n<div>\n<p><iframe src=\"https:\/\/www.airporthaber.com\/wk-uploads\/banners\/code\/corendon-06-22\/index.html\" style=\"width:250px; height:250px;\" frameborder=\"0\"><\/iframe><\/p>\n<p>Ukrayna&#8217;da \u0130kinci D\u00fcnya Sava\u015f\u0131&#8217;ndan kalma sekiz \u0130ngiliz Hurricane (Kas\u0131rga) sava\u015f u\u00e7a\u011f\u0131n\u0131n kal\u0131nt\u0131lar\u0131 ke\u015ffedildi.<\/p>\n<p>Kiev&#8217;in g\u00fcneyindeki bir ormanda ayn\u0131 \u00e7at\u0131\u015fmadan kalma patlamam\u0131\u015f bir bomban\u0131n yan\u0131nda bulunan u\u00e7aklar, Nazi Almanyas\u0131&#8217;n\u0131n 1941 y\u0131l\u0131nda \u00fclkeyi i\u015fgal etmesinin ard\u0131ndan \u0130ngiltere taraf\u0131ndan Sovyetler Birli\u011fi&#8217;ne g\u00f6nderilmi\u015fti.<\/p>\n<p>Kaz\u0131ya liderlik eden eski bir havayolu pilotu olan Oleks Shtan BBC&#8217;ye yapt\u0131\u011f\u0131 a\u00e7\u0131klamada, &#8220;Bu u\u00e7a\u011f\u0131 Ukrayna&#8217;da bulmak \u00e7ok nadir bir durum. Havac\u0131l\u0131k tarihimiz i\u00e7in \u00e7ok \u00f6nemli \u00e7\u00fcnk\u00fc daha \u00f6nce burada \u00f6d\u00fcn\u00e7 verilmi\u015f hi\u00e7bir u\u00e7ak bulunmam\u0131\u015ft\u0131&#8221; diye konu\u015ftu.<\/p>\n<p>Shtan, &#8220;Kas\u0131rga g\u00fc\u00e7l\u00fc, u\u00e7mas\u0131 kolay bir makineydi. Bir silah platformu olarak dengeliydi ve deneyimsiz pilotlar i\u00e7in uygundu. G\u00fcvenilir bir u\u00e7akt\u0131&#8221; ifadelerini kulland\u0131.<\/p>\n<p>Tarih\u00e7ilere g\u00f6re bu u\u00e7aklardan baz\u0131lar\u0131 sava\u015ftan sonra Sovyetlerin ABD&#8217;ye geri \u00f6deme yapmak zorunda kalmamas\u0131 i\u00e7in kas\u0131tl\u0131 olarak par\u00e7alanm\u0131\u015f ve g\u00f6m\u00fclm\u00fc\u015ft\u00fc, zira \u00f6d\u00fcn\u00e7 verme-kiralama mevzuat\u0131 uyar\u0131nca Moskova&#8217;n\u0131n ba\u011f\u0131\u015flanan askeri te\u00e7hizattan sa\u011flam kalanlar i\u00e7in \u00f6deme yapmas\u0131 gerekiyordu.<\/p>\n<p>Ukrayna Ulusal Havac\u0131l\u0131k M\u00fczesi Hurricane&#8217;leri yeniden bir araya getirip sergilemeyi hedefliyor.<\/p>\n<p>M\u00fczenin ara\u015ft\u0131rma m\u00fcd\u00fcr\u00fc Valerii Romanenko, BBC&#8217;ye yapt\u0131\u011f\u0131 a\u00e7\u0131klamada, &#8220;Kas\u0131rgalar \u0130kinci D\u00fcnya Sava\u015f\u0131 y\u0131llar\u0131nda \u0130ngiliz yard\u0131m\u0131n\u0131n bir sembol\u00fcd\u00fcr, t\u0131pk\u0131 bug\u00fcnlerde \u0130ngiliz yard\u0131m\u0131na minnettar oldu\u011fumuz gibi. Birle\u015fik Krall\u0131k \u015fu anda \u00fclkemizin en b\u00fcy\u00fck askeri te\u00e7hizat tedarik\u00e7ilerinden biri&#8221; dedi.<\/p>\n<p>Britanya Sava\u015f\u0131 s\u0131ras\u0131nda Alman u\u00e7aklar\u0131n\u0131n yar\u0131s\u0131ndan fazlas\u0131n\u0131 d\u00fc\u015f\u00fcren Hurricane&#8217;ler, Sovyet sava\u015f \u00e7abalar\u0131n\u0131 desteklemek \u00fczere 1941-1944 y\u0131llar\u0131 aras\u0131nda Sovyetler Birli\u011fi&#8217;ne teslim edilen yakla\u015f\u0131k 3 bin sava\u015f u\u00e7a\u011f\u0131ndan olu\u015fan bir filonun par\u00e7as\u0131yd\u0131.<\/p>\n<\/p><\/div>\n<p><script>(function (d, s, id) { var js, fjs = d.getElementsByTagName(s)[0]; if (d.getElementById(id)) return; js = d.createElement(s); js.id = id; js.src = \"\/\/connect.facebook.net\/tr_TR\/all.js#xfbml=1&appId=142011512599912\"; fjs.parentNode.insertBefore(js, fjs); }(document, 'script', 'facebook-jssdk'));<\/script><\/p>\n","protected":false},"excerpt":{"rendered":"<p>Ukrayna&#8217;da \u0130kinci D\u00fcnya Sava\u015f\u0131&#8217;ndan kalma sekiz \u0130ngiliz Hurricane (Kas\u0131rga) sava\u015f u\u00e7a\u011f\u0131n\u0131n kal\u0131nt\u0131lar\u0131 Kiev&#8217;in g\u00fcneyinde bulundu<\/p>\n","protected":false},"author":1,"featured_media":293,"comment_status":"open","ping_status":"open","sticky":false,"template":"","format":"standard","meta":{"footnotes":""},"categories":[3],"tags":[],"class_list":["post-292","post","type-post","status-publish","format-standard","has-post-thumbnail","hentry","category-ana-sayfa"],"_links":{"self":[{"href":"https:\/\/habertrakyatv.com\/index.php?rest_route=\/wp\/v2\/posts\/292","targetHints":{"allow":["GET"]}}],"collection":[{"href":"https:\/\/habertrakyatv.com\/index.php?rest_route=\/wp\/v2\/posts"}],"about":[{"href":"https:\/\/habertrakyatv.com\/index.php?rest_route=\/wp\/v2\/types\/post"}],"author":[{"embeddable":true,"href":"https:\/\/habertrakyatv.com\/index.php?rest_route=\/wp\/v2\/users\/1"}],"replies":[{"embeddable":true,"href":"https:\/\/habertrakyatv.com\/index.php?rest_route=%2Fwp%2Fv2%2Fcomments&post=292"}],"version-history":[{"count":0,"href":"https:\/\/habertrakyatv.com\/index.php?rest_route=\/wp\/v2\/posts\/292\/revisions"}],"wp:featuredmedia":[{"embeddable":true,"href":"https:\/\/habertrakyatv.com\/index.php?rest_route=\/wp\/v2\/media\/293"}],"wp:attachment":[{"href":"https:\/\/habertrakyatv.com\/index.php?rest_route=%2Fwp%2Fv2%2Fmedia&parent=292"}],"wp:term":[{"taxonomy":"category","embeddable":true,"href":"https:\/\/habertrakyatv.com\/index.php?rest_route=%2Fwp%2Fv2%2Fcategories&post=292"},{"taxonomy":"post_tag","embeddable":true,"href":"https:\/\/habertrakyatv.com\/index.php?rest_route=%2Fwp%2Fv2%2Ftags&post=292"}],"curies":[{"name":"wp","href":"https:\/\/api.w.org\/{rel}","templated":true}]}}