{"id":148,"date":"2023-07-04T06:30:57","date_gmt":"2023-07-04T03:30:57","guid":{"rendered":"https:\/\/habertrakyatv.com\/?p=148"},"modified":"2023-07-04T07:32:29","modified_gmt":"2023-07-04T04:32:29","slug":"saroz-korfezinde-bayram-tatili-yogunlugu","status":"publish","type":"post","link":"https:\/\/habertrakyatv.com\/?p=148","title":{"rendered":"Saroz K\u00f6rfezi&#039;nde bayram tatili yo\u011funlu\u011fu"},"content":{"rendered":"<p><img decoding=\"async\" src=\"https:\/\/www.trakyapolitik.com\/wp-content\/uploads\/2023\/06\/erikli.jpg\" \/><\/p>\n<p><strong>Edirne\u2019nin Enez, Erikli, Yayla, Dani\u015fment ve G\u00f6k\u00e7etepe gibi sahilleriyle \u00f6n plana \u00e7\u0131kan b\u00f6lgedeki otellerde doluluk oran\u0131 y\u00fczde 100&#8217;e ula\u015ft\u0131.<\/strong><\/p>\n<p>Saros K\u00f6rfezi Turizm Otelciler ve Yat\u0131r\u0131mc\u0131lar Derne\u011fi Ba\u015fkan\u0131 Mustafa \u0130\u015f\u00e7imen, bayram tatili dolay\u0131s\u0131yla binlerce turistin Saros k\u0131y\u0131lar\u0131na geldi\u011fini s\u00f6yledi. Saros&#8217;un temiz denizi ve do\u011fas\u0131yla ziyaret\u00e7ilerin ilgisini \u00e7ekti\u011fini dile getiren \u0130\u015f\u00e7imen, hareketli bir bayram tatili beklediklerini ifade etti.<\/p>\n<p>\u0130stanbul ve \u00e7evre illerden \u00e7ok say\u0131da turistin tatili i\u00e7in Saros sahillerini tercih etti\u011fini belirten \u0130\u015f\u00e7imen, &#8220;Bayram\u0131 deniz tatiliyle ge\u00e7irmek isteyenler b\u00f6lgeye gelmeye ba\u015flad\u0131. G\u00fczel bir hareketlilik var. Bayram g\u00fcnlerinde daha da yo\u011fun g\u00fcnler olacakt\u0131r. Ziyaret\u00e7ilere en iyi hizmeti vermek i\u00e7in elimizden geleni yap\u0131yoruz. Bayram\u0131n getirdi\u011fi yo\u011funluk b\u00f6lgemizde ekonomik hareketlilik olu\u015fturacak.&#8221; diye konu\u015ftu.<\/p>\n<p>Edirne K\u00fclt\u00fcr ve Turizm M\u00fcd\u00fcr\u00fc Kemal Soyt\u00fcrk de Saros&#8217;un ilgi g\u00f6ren bir tatil rotas\u0131 oldu\u011funu dile getirdi.<br \/>Tatilin 9 g\u00fcn olmas\u0131 nedeniyle daha \u00e7ok ziyaret\u00e7inin b\u00f6lgeye geldi\u011fini ifade eden Soyt\u00fcrk, denizin ve \u00e7evrenin temiz tutulmas\u0131 anlam\u0131nda herkesin \u00fczerine d\u00fc\u015feni yapmas\u0131 gerekti\u011fini kaydetti.<\/p>\n<\/p>\n<p>The post <a href=\"https:\/\/www.trakyapolitik.com\/manset\/saroz-korfezinde-bayram-tatili-yogunlugu\/\">Saroz K\u00f6rfezi&#8217;nde bayram tatili yo\u011funlu\u011fu<\/a> first appeared on <a href=\"https:\/\/www.trakyapolitik.com\">Trakya Politik | Trakya Haber | Trakya Haberleri |<\/a>.<\/p>\n","protected":false},"excerpt":{"rendered":"<p>Edirne\u2019nin Enez, Erikli, Yayla, Dani\u015fment ve G\u00f6k\u00e7etepe gibi sahilleriyle \u00f6n plana \u00e7\u0131kan b\u00f6lgedeki otellerde doluluk<\/p>\n","protected":false},"author":1,"featured_media":150,"comment_status":"open","ping_status":"open","sticky":false,"template":"","format":"standard","meta":{"footnotes":""},"categories":[3,7,9],"tags":[],"class_list":["post-148","post","type-post","status-publish","format-standard","has-post-thumbnail","hentry","category-ana-sayfa","category-gundem","category-saglik"],"_links":{"self":[{"href":"https:\/\/habertrakyatv.com\/index.php?rest_route=\/wp\/v2\/posts\/148","targetHints":{"allow":["GET"]}}],"collection":[{"href":"https:\/\/habertrakyatv.com\/index.php?rest_route=\/wp\/v2\/posts"}],"about":[{"href":"https:\/\/habertrakyatv.com\/index.php?rest_route=\/wp\/v2\/types\/post"}],"author":[{"embeddable":true,"href":"https:\/\/habertrakyatv.com\/index.php?rest_route=\/wp\/v2\/users\/1"}],"replies":[{"embeddable":true,"href":"https:\/\/habertrakyatv.com\/index.php?rest_route=%2Fwp%2Fv2%2Fcomments&post=148"}],"version-history":[{"count":1,"href":"https:\/\/habertrakyatv.com\/index.php?rest_route=\/wp\/v2\/posts\/148\/revisions"}],"predecessor-version":[{"id":208,"href":"https:\/\/habertrakyatv.com\/index.php?rest_route=\/wp\/v2\/posts\/148\/revisions\/208"}],"wp:featuredmedia":[{"embeddable":true,"href":"https:\/\/habertrakyatv.com\/index.php?rest_route=\/wp\/v2\/media\/150"}],"wp:attachment":[{"href":"https:\/\/habertrakyatv.com\/index.php?rest_route=%2Fwp%2Fv2%2Fmedia&parent=148"}],"wp:term":[{"taxonomy":"category","embeddable":true,"href":"https:\/\/habertrakyatv.com\/index.php?rest_route=%2Fwp%2Fv2%2Fcategories&post=148"},{"taxonomy":"post_tag","embeddable":true,"href":"https:\/\/habertrakyatv.com\/index.php?rest_route=%2Fwp%2Fv2%2Ftags&post=148"}],"curies":[{"name":"wp","href":"https:\/\/api.w.org\/{rel}","templated":true}]}}