{"id":119,"date":"2023-07-04T06:28:01","date_gmt":"2023-07-04T03:28:01","guid":{"rendered":"https:\/\/habertrakyatv.com\/?p=119"},"modified":"2023-07-04T07:22:29","modified_gmt":"2023-07-04T04:22:29","slug":"vali-yildirim-denizcileri-kabul-etti","status":"publish","type":"post","link":"https:\/\/habertrakyatv.com\/?p=119","title":{"rendered":"Vali Y\u0131ld\u0131r\u0131m denizcileri kabul etti"},"content":{"rendered":"<p><\/p>\n<div data-text-id=\"982\" property=\"articleBody\">\n<p>Liman Ba\u015fkan V. \u0130rfan K\u0131z\u0131lta\u015f\u2019tan Liman B\u00f6lge Ba\u015fkanl\u0131\u011f\u0131n\u0131n \u00e7al\u0131\u015fmalar\u0131 hakk\u0131nda bilgi alan Vali Y\u0131ld\u0131r\u0131m, ziyaretten duydu\u011fu memnuniyeti dile getirerek, \u201cDenizcilik sekt\u00f6r\u00fcn\u00fcn geli\u015fmesinde eme\u011fi ge\u00e7enlerin ve denizcilerimizin, T\u00fcrk kara sular\u0131ndaki egemenlik ve ba\u011f\u0131ms\u0131zl\u0131\u011f\u0131m\u0131z\u0131n sembol\u00fc olan Denizcilik ve Kabotaj Bayram\u0131\u2019n\u0131 kutluyor; t\u00fcm denizcilerimize sevgi ve selamlar\u0131m\u0131 sunuyorum.\u201d dedi.<\/p>\n<div class=\"post-flash\">\n        <!--\n\n<h3 class=\"post-flash__title\">G&ouml;zden ka&ccedil;&#305;rmay&#305;n<\/h3>\n\n--><br \/>\n                <a href=\"https:\/\/www.trakyagazetesi.com.tr\/denetim-noktasinda-bayramlasma\" class=\"post-flash__content\" target=\"_self\" title=\"Denetim noktas\u0131nda bayramla\u015fma\" style=\"background-color: #1C38A6\" rel=\"noopener\"><br \/>\n            <img loading=\"lazy\" decoding=\"async\" src=\"https:\/\/trakyagazetesicomtr.teimg.com\/crop\/250x150\/trakyagazetesi-com-tr\/uploads\/2023\/07\/haber-foto\/trakyagazetesi-denetim-noktasinda-bayramlasma.jpg\" alt=\"Denetim noktas\u0131nda bayramla\u015fma\" width=\"231\" height=\"140\" class=\"content-paragraph-image\"\/><br \/>\n            <span class=\"post-flash__heading\"><br \/>\n                <span class=\"post-flash__h4\">Denetim noktas\u0131nda bayramla\u015fma<\/span><br \/>\n            <\/span><br \/>\n        <\/a>\n            <\/div>\n<p>Trakya Gazetesi Haber Merkezi<\/p>\n<\/p><\/div>\n","protected":false},"excerpt":{"rendered":"<p>Liman Ba\u015fkan V. \u0130rfan K\u0131z\u0131lta\u015f\u2019tan Liman B\u00f6lge Ba\u015fkanl\u0131\u011f\u0131n\u0131n \u00e7al\u0131\u015fmalar\u0131 hakk\u0131nda bilgi alan Vali Y\u0131ld\u0131r\u0131m, ziyaretten<\/p>\n","protected":false},"author":1,"featured_media":120,"comment_status":"open","ping_status":"open","sticky":false,"template":"","format":"standard","meta":{"footnotes":""},"categories":[3,7],"tags":[],"class_list":["post-119","post","type-post","status-publish","format-standard","has-post-thumbnail","hentry","category-ana-sayfa","category-gundem"],"_links":{"self":[{"href":"https:\/\/habertrakyatv.com\/index.php?rest_route=\/wp\/v2\/posts\/119","targetHints":{"allow":["GET"]}}],"collection":[{"href":"https:\/\/habertrakyatv.com\/index.php?rest_route=\/wp\/v2\/posts"}],"about":[{"href":"https:\/\/habertrakyatv.com\/index.php?rest_route=\/wp\/v2\/types\/post"}],"author":[{"embeddable":true,"href":"https:\/\/habertrakyatv.com\/index.php?rest_route=\/wp\/v2\/users\/1"}],"replies":[{"embeddable":true,"href":"https:\/\/habertrakyatv.com\/index.php?rest_route=%2Fwp%2Fv2%2Fcomments&post=119"}],"version-history":[{"count":1,"href":"https:\/\/habertrakyatv.com\/index.php?rest_route=\/wp\/v2\/posts\/119\/revisions"}],"predecessor-version":[{"id":218,"href":"https:\/\/habertrakyatv.com\/index.php?rest_route=\/wp\/v2\/posts\/119\/revisions\/218"}],"wp:featuredmedia":[{"embeddable":true,"href":"https:\/\/habertrakyatv.com\/index.php?rest_route=\/wp\/v2\/media\/120"}],"wp:attachment":[{"href":"https:\/\/habertrakyatv.com\/index.php?rest_route=%2Fwp%2Fv2%2Fmedia&parent=119"}],"wp:term":[{"taxonomy":"category","embeddable":true,"href":"https:\/\/habertrakyatv.com\/index.php?rest_route=%2Fwp%2Fv2%2Fcategories&post=119"},{"taxonomy":"post_tag","embeddable":true,"href":"https:\/\/habertrakyatv.com\/index.php?rest_route=%2Fwp%2Fv2%2Ftags&post=119"}],"curies":[{"name":"wp","href":"https:\/\/api.w.org\/{rel}","templated":true}]}}