{"id":117,"date":"2023-07-04T06:28:00","date_gmt":"2023-07-04T03:28:00","guid":{"rendered":"https:\/\/habertrakyatv.com\/?p=117"},"modified":"2023-07-04T07:22:30","modified_gmt":"2023-07-04T04:22:30","slug":"ergenede-bayramlasma-programi-trakya-gazetesi","status":"publish","type":"post","link":"https:\/\/habertrakyatv.com\/?p=117","title":{"rendered":"Ergene&#8217;de bayramla\u015fma program\u0131 &#8211; Trakya Gazetesi"},"content":{"rendered":"<p><\/p>\n<div data-text-id=\"983\" property=\"articleBody\">\n<p>Programa <a href=\"https:\/\/www.trakyagazetesi.com.tr\/haberleri\/ergene\" class=\"internal_link\" target=\"_blank\" title=\"Ergene\" rel=\"noopener\">Ergene<\/a> Kaymakam\u0131 Mehmet Emin Ta\u015f\u00e7\u0131 ile Ergene Belediye Ba\u015fkan\u0131 Rasim Y\u00fcksel de kat\u0131ld\u0131.<\/p>\n<p>D\u00fczenlenen programla ilgili olarak bilgiler veren Ergene Belediye Ba\u015fkan\u0131 Rasim Y\u00fcksel, \u201cErgene Kaymakaml\u0131\u011f\u0131 taraf\u0131ndan Kaymakaml\u0131k binas\u0131nda d\u00fczenlenen Ergene \u0130l\u00e7e Bayramla\u015fma program\u0131na kat\u0131ld\u0131m. Ergene \u0130l\u00e7e Kaymakam\u0131m\u0131z, Garnizon komutan\u0131m\u0131z, siyasi parti temsilcileri, belediye ba\u015fkan yard\u0131mc\u0131lar\u0131m\u0131z, meclis \u00fcyelerimiz, sivil toplum kurulu\u015flar\u0131m\u0131z, muhtarlar\u0131m\u0131z ve bas\u0131n mensuplar\u0131m\u0131z ile bayramla\u015ft\u0131k. Rabbim hep birlikte nice bayramlar kutlamay\u0131 nasip eylesin in\u015fallah\u201d dedi.<\/p>\n<div class=\"post-flash\">\n        <!--\n\n<h3 class=\"post-flash__title\">G&ouml;zden ka&ccedil;&#305;rmay&#305;n<\/h3>\n\n--><br \/>\n                <a href=\"https:\/\/www.trakyagazetesi.com.tr\/durmaz-baskan-yardimciligina-getirildi\" class=\"post-flash__content\" target=\"_self\" title=\"Durmaz ba\u015fkan yard\u0131mc\u0131l\u0131\u011f\u0131na getirildi\" style=\"background-color: #1C38A6\" rel=\"noopener\"><br \/>\n            <img loading=\"lazy\" decoding=\"async\" src=\"https:\/\/trakyagazetesicomtr.teimg.com\/crop\/250x150\/trakyagazetesi-com-tr\/uploads\/2023\/06\/haber-foto\/trakyagazetesi-durmaz-baskan-yardimciligina-getirildi.jpg\" alt=\"Durmaz ba\u015fkan yard\u0131mc\u0131l\u0131\u011f\u0131na getirildi\" width=\"231\" height=\"140\" class=\"content-paragraph-image\"\/><br \/>\n            <span class=\"post-flash__heading\"><br \/>\n                <span class=\"post-flash__h4\">Durmaz ba\u015fkan yard\u0131mc\u0131l\u0131\u011f\u0131na getirildi<\/span><br \/>\n            <\/span><br \/>\n        <\/a>\n            <\/div>\n<p>Ergene Kaymakam\u0131 Mehmet Emin Ta\u015f\u00e7\u0131 ev sahipli\u011finde kaymakaml\u0131k binas\u0131nda ger\u00e7ekle\u015ftirilen programa vatanda\u015flar da kat\u0131larak protokol \u00fcyeleri ile bayramla\u015ft\u0131lar.\u00a0<\/p>\n<p>Trakya Gazetesi Haber Merkezi<\/p>\n<\/p><\/div>\n","protected":false},"excerpt":{"rendered":"<p>Programa Ergene Kaymakam\u0131 Mehmet Emin Ta\u015f\u00e7\u0131 ile Ergene Belediye Ba\u015fkan\u0131 Rasim Y\u00fcksel de kat\u0131ld\u0131. D\u00fczenlenen<\/p>\n","protected":false},"author":1,"featured_media":118,"comment_status":"open","ping_status":"open","sticky":false,"template":"","format":"standard","meta":{"footnotes":""},"categories":[3,7],"tags":[],"class_list":["post-117","post","type-post","status-publish","format-standard","has-post-thumbnail","hentry","category-ana-sayfa","category-gundem"],"_links":{"self":[{"href":"https:\/\/habertrakyatv.com\/index.php?rest_route=\/wp\/v2\/posts\/117","targetHints":{"allow":["GET"]}}],"collection":[{"href":"https:\/\/habertrakyatv.com\/index.php?rest_route=\/wp\/v2\/posts"}],"about":[{"href":"https:\/\/habertrakyatv.com\/index.php?rest_route=\/wp\/v2\/types\/post"}],"author":[{"embeddable":true,"href":"https:\/\/habertrakyatv.com\/index.php?rest_route=\/wp\/v2\/users\/1"}],"replies":[{"embeddable":true,"href":"https:\/\/habertrakyatv.com\/index.php?rest_route=%2Fwp%2Fv2%2Fcomments&post=117"}],"version-history":[{"count":1,"href":"https:\/\/habertrakyatv.com\/index.php?rest_route=\/wp\/v2\/posts\/117\/revisions"}],"predecessor-version":[{"id":219,"href":"https:\/\/habertrakyatv.com\/index.php?rest_route=\/wp\/v2\/posts\/117\/revisions\/219"}],"wp:featuredmedia":[{"embeddable":true,"href":"https:\/\/habertrakyatv.com\/index.php?rest_route=\/wp\/v2\/media\/118"}],"wp:attachment":[{"href":"https:\/\/habertrakyatv.com\/index.php?rest_route=%2Fwp%2Fv2%2Fmedia&parent=117"}],"wp:term":[{"taxonomy":"category","embeddable":true,"href":"https:\/\/habertrakyatv.com\/index.php?rest_route=%2Fwp%2Fv2%2Fcategories&post=117"},{"taxonomy":"post_tag","embeddable":true,"href":"https:\/\/habertrakyatv.com\/index.php?rest_route=%2Fwp%2Fv2%2Ftags&post=117"}],"curies":[{"name":"wp","href":"https:\/\/api.w.org\/{rel}","templated":true}]}}