{"id":11172,"date":"2024-07-23T04:27:36","date_gmt":"2024-07-23T01:27:36","guid":{"rendered":"https:\/\/habertrakyatv.com\/?p=11172"},"modified":"2024-07-23T04:27:36","modified_gmt":"2024-07-23T01:27:36","slug":"fenerbahce-haberleri-sevilladan-flas-en-nesyri-aciklamasi-son-dakika-fenerbahce-haberleri","status":"publish","type":"post","link":"https:\/\/habertrakyatv.com\/?p=11172","title":{"rendered":"FENERBAH\u00c7E HABERLER\u0130 &#8211; Sevilla\u2019dan fla\u015f En-Nesyri a\u00e7\u0131klamas\u0131! &#8211; Son dakika Fenerbah\u00e7e haberleri"},"content":{"rendered":"<p> [ad_1]<br \/>\n<br \/><img decoding=\"async\" src=\"https:\/\/iaftm.tmgrup.com.tr\/80da62\/1200\/675\/0\/0\/2048\/1151?u=https:\/\/iftm.tmgrup.com.tr\/2024\/07\/22\/fenerbahce-haberleri-sevilladan-flas-en-nesyri-aciklamasi-1721677484396.jpeg\" \/><\/p>\n<div id=\"\">&#13;<br \/>\n&#13;<br \/>\n&#13;<\/p>\n<p>Yapt\u0131\u011f\u0131 transferlerle dikkat \u00e7eken <a href=\"https:\/\/www.fotomac.com.tr\/haberleri\/fenerbahce?id=65439000-410e-4c14-94da-0622ac043911\" class=\"\">Fenerbah\u00e7e<\/a>&#8216;de \u00f6nemli geli\u015fmeler ya\u015fan\u0131yor. Sar\u0131-lacivertliler uzun zamand\u0131r ilgilendi\u011fi <a href=\"https:\/\/www.fotomac.com.tr\/haberleri\/en-nesyri?id=a173876b-f121-4577-ba4d-9285bcce413a\" class=\"\">En Nesyri<\/a> ile anla\u015fmaya vard\u0131. <a href=\"https:\/\/www.fotomac.com.tr\/haberleri\/ispanyol?id=b0f4fb44-f5c9-49ff-b9c0-6e9072082b40\" class=\"\">\u0130spanyol<\/a> ekibi <a href=\"https:\/\/www.fotomac.com.tr\/haberleri\/sevilla?id=c3a99e59-05d9-40ef-9e86-1b807c2ccbba\" class=\"\">Sevilla<\/a>, y\u0131ld\u0131z golc\u00fc i\u00e7in fla\u015f bir a\u00e7\u0131klama payla\u015ft\u0131.<\/p>\n<p>&#13;<br \/>\n&#13;<\/p>\n<p>Antrenmana kat\u0131lmad\u0131\u011f\u0131 belirtilen En Nesyri i\u00e7in Sevilla, &#8220;Tak\u0131mdan ayr\u0131lmak \u00fczere olan En-Nesyri, kul\u00fcpten ayr\u0131l\u0131\u015f\u0131 kesinle\u015fti\u011fi i\u00e7in bug\u00fcnk\u00fc idmanda yer almad\u0131.&#8221; a\u00e7\u0131klamas\u0131 yapt\u0131.<\/p>\n<p>&#13;<br \/>\n&#13;<\/p>\n<p><strong>BONSERV\u0130S\u0130N\u0130 A\u00c7IKLADILAR<\/strong><\/p>\n<p>&#13;<br \/>\n&#13;<\/p>\n<p>Estadio Deportivo&#8217;nun haberine g\u00f6re; Fenerbah\u00e7e, En-Nesyri i\u00e7in Sevilla&#8217;ya 18 milyon euro bonservis \u00f6deyecek. Ayr\u0131ca, 7 milyon euro da bonuslar olacak.<\/p>\n<p>&#13;<br \/>\n&#13;<\/p>\n<p>Fasl\u0131 oyuncu y\u0131ll\u0131k 4 milyon euro&#8217;dan 4 y\u0131ll\u0131k s\u00f6zle\u015fme imzalayacak.<\/p>\n<p>&#13;<br \/>\n&#13;<\/p>\n<p><strong>TAKIM ARKADA\u015eLARINA VEDA ETT\u0130<\/strong><\/p>\n<p>&#13;<br \/>\n&#13;<\/p>\n<p>\u00d6te yandan, \u0130spanyol bas\u0131n\u0131nda \u00e7\u0131kan habere g\u00f6re, Fenerbah\u00e7e ile 4 y\u0131ll\u0131k anla\u015fma sa\u011flayan Youssef En-Nesyri pazartesi g\u00fcn\u00fc sabah erken saatlerde tesislere gitti. Tak\u0131mla antrenmanlara kat\u0131lmayan Fasl\u0131 golc\u00fcn\u00fcn, tesislerdeki e\u015fyalar\u0131n\u0131 toplad\u0131\u011f\u0131 ve tak\u0131m arkada\u015flar\u0131na veda etti\u011fi belirtildi.<\/p>\n<p>&#13;<br \/>\n&#13;<br \/>\n&#13;<br \/>\n                        &#13;<br \/>\n&#13;\n            <\/p><\/div>\n<p>[ad_2]<br \/>\n<br \/><a href=\"https:\/\/www.fotomac.com.tr\/fenerbahce\/2024\/07\/22\/fenerbahce-haberleri-sevilladan-flas-en-nesyri-aciklamasi\">Source link <\/a><\/p>\n","protected":false},"excerpt":{"rendered":"<p>[ad_1] &#13; &#13; &#13; Yapt\u0131\u011f\u0131 transferlerle dikkat \u00e7eken Fenerbah\u00e7e&#8216;de \u00f6nemli geli\u015fmeler ya\u015fan\u0131yor. Sar\u0131-lacivertliler uzun zamand\u0131r<\/p>\n","protected":false},"author":1,"featured_media":11173,"comment_status":"open","ping_status":"open","sticky":false,"template":"","format":"standard","meta":{"footnotes":""},"categories":[2],"tags":[],"class_list":["post-11172","post","type-post","status-publish","format-standard","has-post-thumbnail","hentry","category-spor"],"_links":{"self":[{"href":"https:\/\/habertrakyatv.com\/index.php?rest_route=\/wp\/v2\/posts\/11172","targetHints":{"allow":["GET"]}}],"collection":[{"href":"https:\/\/habertrakyatv.com\/index.php?rest_route=\/wp\/v2\/posts"}],"about":[{"href":"https:\/\/habertrakyatv.com\/index.php?rest_route=\/wp\/v2\/types\/post"}],"author":[{"embeddable":true,"href":"https:\/\/habertrakyatv.com\/index.php?rest_route=\/wp\/v2\/users\/1"}],"replies":[{"embeddable":true,"href":"https:\/\/habertrakyatv.com\/index.php?rest_route=%2Fwp%2Fv2%2Fcomments&post=11172"}],"version-history":[{"count":0,"href":"https:\/\/habertrakyatv.com\/index.php?rest_route=\/wp\/v2\/posts\/11172\/revisions"}],"wp:featuredmedia":[{"embeddable":true,"href":"https:\/\/habertrakyatv.com\/index.php?rest_route=\/wp\/v2\/media\/11173"}],"wp:attachment":[{"href":"https:\/\/habertrakyatv.com\/index.php?rest_route=%2Fwp%2Fv2%2Fmedia&parent=11172"}],"wp:term":[{"taxonomy":"category","embeddable":true,"href":"https:\/\/habertrakyatv.com\/index.php?rest_route=%2Fwp%2Fv2%2Fcategories&post=11172"},{"taxonomy":"post_tag","embeddable":true,"href":"https:\/\/habertrakyatv.com\/index.php?rest_route=%2Fwp%2Fv2%2Ftags&post=11172"}],"curies":[{"name":"wp","href":"https:\/\/api.w.org\/{rel}","templated":true}]}}