{"id":111,"date":"2023-07-04T06:27:49","date_gmt":"2023-07-04T03:27:49","guid":{"rendered":"https:\/\/habertrakyatv.com\/?p=111"},"modified":"2023-07-04T07:29:43","modified_gmt":"2023-07-04T04:29:43","slug":"tekirdagda-denizcilik-ve-kabotaj-bayrami-kutlandi","status":"publish","type":"post","link":"https:\/\/habertrakyatv.com\/?p=111","title":{"rendered":"Tekirda\u011f&#8217;da Denizcilik ve Kabotaj Bayram\u0131 kutland\u0131"},"content":{"rendered":"<p><\/p>\n<div data-text-id=\"986\" property=\"articleBody\">\n<p>Yelken \u0130htisas Kul\u00fcb\u00fc&#8217;nde d\u00fczenlenen t\u00f6rene Vali Aziz Y\u0131ld\u0131r\u0131m\u2019\u0131n yan\u0131 s\u0131ra S\u00fcleymanpa\u015fa Kaymakam Vekili G\u00f6khan G\u00fcrb\u00fczerol, S\u00fcleymanpa\u015fa Belediye Ba\u015fkan\u0131 H\u00fcseyin Uzunlar, \u0130l Emniyet M\u00fcd\u00fcr\u00fc Mehmet Hakan F\u0131nd\u0131k, \u0130l Jandarma Komutan\u0131 J. Alb. Ahmet \u00c7etin, Ulusal Deniz Emniyeti Ba\u015fkan V. Murat G\u00fcl, <a href=\"https:\/\/www.trakyagazetesi.com.tr\/haberleri\/tekirdag\" class=\"internal_link\" target=\"_blank\" title=\"Tekirda\u011f\" rel=\"noopener\">Tekirda\u011f<\/a> B\u00f6lge Liman Ba\u015fkan V. \u0130rfan K\u0131z\u0131lta\u015f, Gen\u00e7lik ve Spor M\u00fcd\u00fcr\u00fc Ahmet \u00dczg\u00fcn, K\u00fclt\u00fcr ve Turizm M\u00fcd\u00fcr\u00fc Ahmet Hac\u0131o\u011flu, Yelken \u0130htisas Kul\u00fcb\u00fc temsilcileri ve Yelken \u0130htisas Kul\u00fcb\u00fc sporcular\u0131 kat\u0131ld\u0131.<\/p>\n<p>Denizcilik ve Kabotaj Bayram\u0131 an\u0131s\u0131na denize \u00e7elenk b\u0131rak\u0131lmas\u0131 ile ba\u015flayan t\u00f6ren, sayg\u0131 duru\u015fundan bulunulmas\u0131 ve \u0130stiklal Mar\u015f\u0131m\u0131z\u0131n okunmas\u0131 ile devam etti.<\/p>\n<p>Ard\u0131ndan yelkenci sporcular\u0131n g\u00f6sterileri ve r\u00f6mork\u00f6rlerin havaya su f\u0131\u015fk\u0131rtma g\u00f6sterisi sergilendi.<\/p>\n<p>Devam\u0131nda \u0130l Emniyet M\u00fcd\u00fcrl\u00fc\u011f\u00fc dalg\u0131\u00e7 polisleri, su alt\u0131ndan T\u00fcrk bayra\u011f\u0131 \u00e7\u0131kard\u0131.<\/p>\n<div class=\"post-flash\">\n        <!--\n\n<h3 class=\"post-flash__title\">G&ouml;zden ka&ccedil;&#305;rmay&#305;n<\/h3>\n\n--><br \/>\n                <a href=\"https:\/\/www.trakyagazetesi.com.tr\/tekirdag-istanbul-yolunda-yogunluk\" class=\"post-flash__content\" target=\"_self\" title=\"Tekirda\u011f-\u0130stanbul yolunda yo\u011funluk\" style=\"background-color: #A61C1E\" rel=\"noopener\"><br \/>\n            <img loading=\"lazy\" decoding=\"async\" src=\"https:\/\/trakyagazetesicomtr.teimg.com\/crop\/250x150\/trakyagazetesi-com-tr\/uploads\/2023\/07\/haber-foto\/trakyagazetesi-tekirdag-istanbul-yolunda-yogunluk.jpg\" alt=\"Tekirda\u011f-\u0130stanbul yolunda yo\u011funluk\" width=\"231\" height=\"140\" class=\"content-paragraph-image\"\/><br \/>\n            <span class=\"post-flash__heading\"><br \/>\n                <span class=\"post-flash__h4\">Tekirda\u011f-\u0130stanbul yolunda yo\u011funluk<\/span><br \/>\n            <\/span><br \/>\n        <\/a>\n            <\/div>\n<p>G\u00fcn\u00fcn an\u0131s\u0131na hat\u0131ra foto\u011fraf\u0131 \u00e7ekilmesinin ard\u0131ndan t\u00f6ren sona erdi.<\/p>\n<p>Trakya Gazetesi Haber Merkezi<\/p>\n<\/p><\/div>\n","protected":false},"excerpt":{"rendered":"<p>Yelken \u0130htisas Kul\u00fcb\u00fc&#8217;nde d\u00fczenlenen t\u00f6rene Vali Aziz Y\u0131ld\u0131r\u0131m\u2019\u0131n yan\u0131 s\u0131ra S\u00fcleymanpa\u015fa Kaymakam Vekili G\u00f6khan G\u00fcrb\u00fczerol,<\/p>\n","protected":false},"author":1,"featured_media":112,"comment_status":"open","ping_status":"open","sticky":false,"template":"","format":"standard","meta":{"footnotes":""},"categories":[3,7,2],"tags":[],"class_list":["post-111","post","type-post","status-publish","format-standard","has-post-thumbnail","hentry","category-ana-sayfa","category-gundem","category-spor"],"_links":{"self":[{"href":"https:\/\/habertrakyatv.com\/index.php?rest_route=\/wp\/v2\/posts\/111","targetHints":{"allow":["GET"]}}],"collection":[{"href":"https:\/\/habertrakyatv.com\/index.php?rest_route=\/wp\/v2\/posts"}],"about":[{"href":"https:\/\/habertrakyatv.com\/index.php?rest_route=\/wp\/v2\/types\/post"}],"author":[{"embeddable":true,"href":"https:\/\/habertrakyatv.com\/index.php?rest_route=\/wp\/v2\/users\/1"}],"replies":[{"embeddable":true,"href":"https:\/\/habertrakyatv.com\/index.php?rest_route=%2Fwp%2Fv2%2Fcomments&post=111"}],"version-history":[{"count":1,"href":"https:\/\/habertrakyatv.com\/index.php?rest_route=\/wp\/v2\/posts\/111\/revisions"}],"predecessor-version":[{"id":222,"href":"https:\/\/habertrakyatv.com\/index.php?rest_route=\/wp\/v2\/posts\/111\/revisions\/222"}],"wp:featuredmedia":[{"embeddable":true,"href":"https:\/\/habertrakyatv.com\/index.php?rest_route=\/wp\/v2\/media\/112"}],"wp:attachment":[{"href":"https:\/\/habertrakyatv.com\/index.php?rest_route=%2Fwp%2Fv2%2Fmedia&parent=111"}],"wp:term":[{"taxonomy":"category","embeddable":true,"href":"https:\/\/habertrakyatv.com\/index.php?rest_route=%2Fwp%2Fv2%2Fcategories&post=111"},{"taxonomy":"post_tag","embeddable":true,"href":"https:\/\/habertrakyatv.com\/index.php?rest_route=%2Fwp%2Fv2%2Ftags&post=111"}],"curies":[{"name":"wp","href":"https:\/\/api.w.org\/{rel}","templated":true}]}}