{"id":107,"date":"2023-07-04T06:27:23","date_gmt":"2023-07-04T03:27:23","guid":{"rendered":"https:\/\/habertrakyatv.com\/?p=107"},"modified":"2023-07-04T07:22:30","modified_gmt":"2023-07-04T04:22:30","slug":"karacakilavuz-keskek-senligi-tamamlandi-trakya-gazetesi","status":"publish","type":"post","link":"https:\/\/habertrakyatv.com\/?p=107","title":{"rendered":"Karacak\u0131lavuz Ke\u015fkek \u015eenli\u011fi tamamland\u0131 &#8211; Trakya Gazetesi"},"content":{"rendered":"<p><\/p>\n<div data-text-id=\"988\" property=\"articleBody\">\n<div class=\"post-flash\">\n        <!--\n\n<h3 class=\"post-flash__title\">G&ouml;zden ka&ccedil;&#305;rmay&#305;n<\/h3>\n\n--><br \/>\n                <a href=\"https:\/\/www.trakyagazetesi.com.tr\/turhan-dugan-meclis-uyesi-oldu\" class=\"post-flash__content\" target=\"_self\" title=\"Turhan Dugan Meclis \u00fcyesi oldu\" style=\"background-color: #1C38A6\" rel=\"noopener\"><br \/>\n            <img loading=\"lazy\" decoding=\"async\" src=\"https:\/\/trakyagazetesicomtr.teimg.com\/crop\/250x150\/trakyagazetesi-com-tr\/uploads\/2023\/06\/haber-foto\/trakyagazetesi-turhan-dugan-meclis-uyesi-oldu.jpg\" alt=\"Turhan Dugan Meclis \u00fcyesi oldu\" width=\"231\" height=\"140\" class=\"content-paragraph-image\"\/><br \/>\n            <span class=\"post-flash__heading\"><br \/>\n                <span class=\"post-flash__h4\">Turhan Dugan Meclis \u00fcyesi oldu<\/span><br \/>\n            <\/span><br \/>\n        <\/a>\n            <\/div>\n<p><a href=\"https:\/\/www.trakyagazetesi.com.tr\/haberleri\/suleymanpasa\" class=\"internal_link\" target=\"_blank\" title=\"S\u00fcleymanpa\u015fa\" rel=\"noopener\">S\u00fcleymanpa\u015fa<\/a> Belediyesince Karacak\u0131lavuz Mahallesi&#8217;nde d\u00fczenlenen \u015fenlikte \u00e7e\u015fitli y\u00f6resel \u00fcr\u00fcnler sergilendi, y\u00f6reye \u00f6zg\u00fc g\u0131da \u00fcr\u00fcnleri sat\u0131\u015fa sunuldu.<\/p>\n<p>Halk oyunlar\u0131 g\u00f6sterilerinin sunuldu\u011fu, \u00e7e\u015fitli e\u011flencelerin d\u00fczenlendi\u011fi \u015fenlikte kat\u0131l\u0131mc\u0131lara ke\u015fkek ikram edildi.<\/p>\n<p>\u015eenlik, Sakiler grubu konseri ile sona erdi.<\/p>\n<p>S\u00fcleymanpa\u015fa Belediye Ba\u015fkan\u0131 H\u00fcseyin Uzunlar, konser sonras\u0131 gruba \u00e7i\u00e7ek verdi.<\/p>\n<p>Kaynak: Anadolu Ajans\u0131<\/p>\n<\/p><\/div>\n","protected":false},"excerpt":{"rendered":"<p>Turhan Dugan Meclis \u00fcyesi oldu S\u00fcleymanpa\u015fa Belediyesince Karacak\u0131lavuz Mahallesi&#8217;nde d\u00fczenlenen \u015fenlikte \u00e7e\u015fitli y\u00f6resel \u00fcr\u00fcnler sergilendi,<\/p>\n","protected":false},"author":1,"featured_media":108,"comment_status":"open","ping_status":"open","sticky":false,"template":"","format":"standard","meta":{"footnotes":""},"categories":[3,7],"tags":[],"class_list":["post-107","post","type-post","status-publish","format-standard","has-post-thumbnail","hentry","category-ana-sayfa","category-gundem"],"_links":{"self":[{"href":"https:\/\/habertrakyatv.com\/index.php?rest_route=\/wp\/v2\/posts\/107","targetHints":{"allow":["GET"]}}],"collection":[{"href":"https:\/\/habertrakyatv.com\/index.php?rest_route=\/wp\/v2\/posts"}],"about":[{"href":"https:\/\/habertrakyatv.com\/index.php?rest_route=\/wp\/v2\/types\/post"}],"author":[{"embeddable":true,"href":"https:\/\/habertrakyatv.com\/index.php?rest_route=\/wp\/v2\/users\/1"}],"replies":[{"embeddable":true,"href":"https:\/\/habertrakyatv.com\/index.php?rest_route=%2Fwp%2Fv2%2Fcomments&post=107"}],"version-history":[{"count":1,"href":"https:\/\/habertrakyatv.com\/index.php?rest_route=\/wp\/v2\/posts\/107\/revisions"}],"predecessor-version":[{"id":224,"href":"https:\/\/habertrakyatv.com\/index.php?rest_route=\/wp\/v2\/posts\/107\/revisions\/224"}],"wp:featuredmedia":[{"embeddable":true,"href":"https:\/\/habertrakyatv.com\/index.php?rest_route=\/wp\/v2\/media\/108"}],"wp:attachment":[{"href":"https:\/\/habertrakyatv.com\/index.php?rest_route=%2Fwp%2Fv2%2Fmedia&parent=107"}],"wp:term":[{"taxonomy":"category","embeddable":true,"href":"https:\/\/habertrakyatv.com\/index.php?rest_route=%2Fwp%2Fv2%2Fcategories&post=107"},{"taxonomy":"post_tag","embeddable":true,"href":"https:\/\/habertrakyatv.com\/index.php?rest_route=%2Fwp%2Fv2%2Ftags&post=107"}],"curies":[{"name":"wp","href":"https:\/\/api.w.org\/{rel}","templated":true}]}}