{"id":103,"date":"2023-07-04T06:27:17","date_gmt":"2023-07-04T03:27:17","guid":{"rendered":"https:\/\/habertrakyatv.com\/?p=103"},"modified":"2023-07-04T07:22:43","modified_gmt":"2023-07-04T04:22:43","slug":"gurbetcilerin-turkiyeye-gelisleri-devam-ediyor","status":"publish","type":"post","link":"https:\/\/habertrakyatv.com\/?p=103","title":{"rendered":"Gurbet\u00e7ilerin T\u00fcrkiye&#8217;ye geli\u015fleri devam ediyor"},"content":{"rendered":"<p><\/p>\n<div data-text-id=\"990\" property=\"articleBody\">\n<div class=\"post-flash\">\n        <!--\n\n<h3 class=\"post-flash__title\">G&ouml;zden ka&ccedil;&#305;rmay&#305;n<\/h3>\n\n--><br \/>\n                <a href=\"https:\/\/www.trakyagazetesi.com.tr\/3-balkan-folklor-festivali-sona-erdi\" class=\"post-flash__content\" target=\"_self\" title=\"3. Balkan Folklor Festivali sona erdi\" style=\"background-color: #A61C1E\" rel=\"noopener\"><br \/>\n            <img loading=\"lazy\" decoding=\"async\" src=\"https:\/\/trakyagazetesicomtr.teimg.com\/crop\/250x150\/trakyagazetesi-com-tr\/uploads\/2023\/07\/haber-foto\/trakyagazetesi-3.jpg\" alt=\"3. Balkan Folklor Festivali sona erdi\" width=\"231\" height=\"140\" class=\"content-paragraph-image\"\/><br \/>\n            <span class=\"post-flash__heading\"><br \/>\n                <span class=\"post-flash__h4\">3. Balkan Folklor Festivali sona erdi<\/span><br \/>\n            <\/span><br \/>\n        <\/a>\n            <\/div>\n<p>Y\u0131ll\u0131k izinlerini memleketlerinde ge\u00e7irmek isteyen gurbet\u00e7ilerin T\u00fcrkiye&#8217;ye geli\u015fleri devam ediyor.<\/p>\n<p>Kara yoluyla seyahati tercih eden gurbet\u00e7iler, <a href=\"https:\/\/www.trakyagazetesi.com.tr\/haberleri\/edirne\" class=\"internal_link\" target=\"_blank\" title=\"Edirne\" rel=\"noopener\">Edirne<\/a>&#8216;deki s\u0131n\u0131r kap\u0131lar\u0131ndan yurda giri\u015f yap\u0131yor.<\/p>\n<p>Uzun ve yorucu bir yolculu\u011fun ard\u0131ndan ana vatana giren gurbet\u00e7iler, T\u00fcrk bayra\u011f\u0131n\u0131 g\u00f6r\u00fcnce t\u00fcm yorgunluklar\u0131n\u0131 unutuyor.<\/p>\n<p>Ailesiyle Fransa&#8217;dan gelen Canan \u015een, AA muhabirine tarifsiz bir mutluluk hissettiklerini ifade etti.<\/p>\n<p>Memleketi Yozgat&#8217;ta ailesi ve yak\u0131nlar\u0131yla hasret giderece\u011fini dile getiren \u015een, &#8220;\u00c7ok mutluyuz. T\u00fcrk bayra\u011f\u0131n\u0131 g\u00f6rmek bize yetiyor. De\u011fi\u015fik duygular hissediyoruz. B\u00fct\u00fcn yorgunlu\u011fumuz gidiyor.&#8221; dedi.<\/p>\n<p>Fransa&#8217;dan gelen Kadir K\u00f6ken ise yurda gelmenin huzurunu ya\u015fad\u0131klar\u0131n\u0131 s\u00f6yledi.<\/p>\n<p>Yurda girmenin sevinciyle yorgunluklar\u0131n ortadan kalkt\u0131\u011f\u0131n\u0131 belirten K\u00f6ken, T\u00fcrkiye&#8217;de olmak ba\u015fka bir duygu, bayra\u011f\u0131 ve minareleri g\u00f6r\u00fcnce \u00e7ok duygulan\u0131yoruz. Geldi\u011fimizde ilk i\u015fimiz topra\u011f\u0131 \u00f6pmek oluyor.&#8221; diye konu\u015ftu.<\/p>\n<p><a href=\"https:\/\/www.trakyagazetesi.com.tr\/haberleri\/kapikule\" class=\"internal_link\" target=\"_blank\" title=\"Kap\u0131kule\" rel=\"noopener\">Kap\u0131kule<\/a> S\u0131n\u0131r Kap\u0131s\u0131&#8217;nda ge\u00e7i\u015flerin h\u0131zl\u0131 olmas\u0131ndan memnuniyet duyduklar\u0131n\u0131 dile getiren K\u00f6ken, S\u0131rbistan&#8217;da zaman zaman yo\u011funluk ya\u015fand\u0131\u011f\u0131n\u0131 ve ma\u011fdur olduklar\u0131n\u0131 kaydetti.<\/p>\n<p>Almanya&#8217;dan gelen Halil Y\u0131ld\u0131z da \u00f6zlemle bekledikleri tatillerinin ba\u015flad\u0131\u011f\u0131n\u0131 ve memlekete geldiklerini dile getirdi.<\/p>\n<p>Kaynak: Anadolu Ajans\u0131<\/p>\n<\/p><\/div>\n","protected":false},"excerpt":{"rendered":"<p>3. Balkan Folklor Festivali sona erdi Y\u0131ll\u0131k izinlerini memleketlerinde ge\u00e7irmek isteyen gurbet\u00e7ilerin T\u00fcrkiye&#8217;ye geli\u015fleri devam<\/p>\n","protected":false},"author":1,"featured_media":104,"comment_status":"open","ping_status":"open","sticky":false,"template":"","format":"standard","meta":{"footnotes":""},"categories":[3,7],"tags":[],"class_list":["post-103","post","type-post","status-publish","format-standard","has-post-thumbnail","hentry","category-ana-sayfa","category-gundem"],"_links":{"self":[{"href":"https:\/\/habertrakyatv.com\/index.php?rest_route=\/wp\/v2\/posts\/103","targetHints":{"allow":["GET"]}}],"collection":[{"href":"https:\/\/habertrakyatv.com\/index.php?rest_route=\/wp\/v2\/posts"}],"about":[{"href":"https:\/\/habertrakyatv.com\/index.php?rest_route=\/wp\/v2\/types\/post"}],"author":[{"embeddable":true,"href":"https:\/\/habertrakyatv.com\/index.php?rest_route=\/wp\/v2\/users\/1"}],"replies":[{"embeddable":true,"href":"https:\/\/habertrakyatv.com\/index.php?rest_route=%2Fwp%2Fv2%2Fcomments&post=103"}],"version-history":[{"count":1,"href":"https:\/\/habertrakyatv.com\/index.php?rest_route=\/wp\/v2\/posts\/103\/revisions"}],"predecessor-version":[{"id":226,"href":"https:\/\/habertrakyatv.com\/index.php?rest_route=\/wp\/v2\/posts\/103\/revisions\/226"}],"wp:featuredmedia":[{"embeddable":true,"href":"https:\/\/habertrakyatv.com\/index.php?rest_route=\/wp\/v2\/media\/104"}],"wp:attachment":[{"href":"https:\/\/habertrakyatv.com\/index.php?rest_route=%2Fwp%2Fv2%2Fmedia&parent=103"}],"wp:term":[{"taxonomy":"category","embeddable":true,"href":"https:\/\/habertrakyatv.com\/index.php?rest_route=%2Fwp%2Fv2%2Fcategories&post=103"},{"taxonomy":"post_tag","embeddable":true,"href":"https:\/\/habertrakyatv.com\/index.php?rest_route=%2Fwp%2Fv2%2Ftags&post=103"}],"curies":[{"name":"wp","href":"https:\/\/api.w.org\/{rel}","templated":true}]}}